{"id":4849,"date":"2025-01-20T14:42:36","date_gmt":"2025-01-20T14:42:36","guid":{"rendered":"http:\/\/s1031912057.mialojamiento.es\/?p=4849"},"modified":"2025-01-20T14:42:38","modified_gmt":"2025-01-20T14:42:38","slug":"la-finca-de-agricultura-regenerativa-la-junquera-recibe-una-mencion-especial-en-los-premios-de-inspiracion-agraria-y-rural-2024","status":"publish","type":"post","link":"https:\/\/www.regeneration-academy.org\/es\/la-finca-de-agricultura-regenerativa-la-junquera-recibe-una-mencion-especial-en-los-premios-de-inspiracion-agraria-y-rural-2024\/","title":{"rendered":"La finca de agricultura regenerativa \u201cLa Junquera\u201d recibe una menci\u00f3n especial en los \u201cPremios de Inspiraci\u00f3n Agraria y Rural\u201d 2024"},"content":{"rendered":"\n<p>La Red Europea de la PAC otorga una menci\u00f3n especial a la finca La Junquera dentro de los \u201cPremios de Inspiraci\u00f3n Agraria y Rural\u201d (ARIA) 2024 en la categor\u00eda de \u201cProtecci\u00f3n ambiental\u201d<\/p>\n\n\n\n<ul class=\"wp-block-list\">\n<li><em>La Red Europea de la PAC otorga una menci\u00f3n especial a la finca La Junquera dentro de los \u201cPremios de Inspiraci\u00f3n Agraria y Rural\u201d (ARIA) 2024 en la categor\u00eda de \u201cProtecci\u00f3n ambiental\u201d<\/em><\/li>\n\n\n\n<li><em>La Junquera, finca murciana de agricultura regenerativa, fue elegida para competir dentro de la categor\u00eda de \u201cProtecci\u00f3n ambiental\u201d por ser un proyecto financiado por la PAC que ejerce pr\u00e1cticas respetuosas con el medio ambiente<\/em><\/li>\n<\/ul>\n\n\n\n<p>La sexta edici\u00f3n de los&nbsp;<strong>\u201cPremios de Inspiraci\u00f3n&nbsp;<\/strong><strong>Agraria y Rural<\/strong><strong>\u201d (<\/strong><a href=\"https:\/\/eu-cap-network.ec.europa.eu\/campaign\/agricultural-rural-inspiration-awards-aria-2024_en\" target=\"_blank\" rel=\"noreferrer noopener\"><strong>ARIA<\/strong><\/a><strong>)&nbsp;<\/strong>2024, celebrada en Bruselas el pasado 4 de diciembre, &nbsp;estuvo dedicada especialmente a la juventud agraria y a las mujeres rurales. Este a\u00f1o, los expertos seleccionaron&nbsp;<strong>24 proyectos<\/strong>&nbsp;en&nbsp;<strong>cuatro categor\u00edas tem\u00e1ticas<\/strong>&nbsp;alineadas con los objetivos de la Pol\u00edtica Agr\u00edcola Com\u00fan (PAC). Por primera vez, se introdujo el \u201cPremio a la Igualdad de G\u00e9nero\u201d, que reconoce un proyecto que promociona la igualdad de g\u00e9nero en las zonas rurales. Como en ediciones anteriores, el p\u00fablico tambi\u00e9n tuvo la oportunidad de votar por su proyecto favorito a trav\u00e9s de una votaci\u00f3n popular que atrajo m\u00e1s de 14.000 votos, el n\u00famero m\u00e1s alto en la historia del concurso.<\/p>\n\n\n\n<p><\/p>\n\n\n\n<p>Debido a la juventud de sus integrantes, y al car\u00e1cter tem\u00e1tico de su explotaci\u00f3n, el jurado de la&nbsp;<a href=\"https:\/\/eu-cap-network.ec.europa.eu\/index_en\" target=\"_blank\" rel=\"noreferrer noopener\"><strong>Red Europa de la PAC<\/strong><\/a>&nbsp;escogi\u00f3 como semifinalista a&nbsp;<a href=\"https:\/\/www.regeneration-academy.org\/\" target=\"_blank\" rel=\"noreferrer noopener\"><strong>La Junquera<\/strong><\/a>, una finca murciana de agricultura regenerativa, para competir dentro de la categor\u00eda de \u201cProtecci\u00f3n ambiental\u201d por ser un proyecto financiado por la PAC que contribuye a una producci\u00f3n sostenible.<\/p>\n","protected":false},"excerpt":{"rendered":"<p>La Red Europea de la PAC otorga una menci\u00f3n especial a la finca La Junquera dentro de los \u201cPremios de [&hellip;]<\/p>\n","protected":false},"author":4,"featured_media":4797,"comment_status":"open","ping_status":"open","sticky":false,"template":"","format":"standard","meta":{"_acf_changed":false,"inline_featured_image":false,"_uag_custom_page_level_css":"","site-sidebar-layout":"default","site-content-layout":"","ast-site-content-layout":"","site-content-style":"default","site-sidebar-style":"default","ast-global-header-display":"","ast-banner-title-visibility":"","ast-main-header-display":"","ast-hfb-above-header-display":"","ast-hfb-below-header-display":"","ast-hfb-mobile-header-display":"","site-post-title":"","ast-breadcrumbs-content":"","ast-featured-img":"","footer-sml-layout":"","theme-transparent-header-meta":"","adv-header-id-meta":"","stick-header-meta":"","header-above-stick-meta":"","header-main-stick-meta":"","header-below-stick-meta":"","astra-migrate-meta-layouts":"default","ast-page-background-enabled":"default","ast-page-background-meta":{"desktop":{"background-color":"var(--ast-global-color-4)","background-image":"","background-repeat":"repeat","background-position":"center center","background-size":"auto","background-attachment":"scroll","background-type":"","background-media":"","overlay-type":"","overlay-color":"","overlay-opacity":"","overlay-gradient":""},"tablet":{"background-color":"","background-image":"","background-repeat":"repeat","background-position":"center center","background-size":"auto","background-attachment":"scroll","background-type":"","background-media":"","overlay-type":"","overlay-color":"","overlay-opacity":"","overlay-gradient":""},"mobile":{"background-color":"","background-image":"","background-repeat":"repeat","background-position":"center center","background-size":"auto","background-attachment":"scroll","background-type":"","background-media":"","overlay-type":"","overlay-color":"","overlay-opacity":"","overlay-gradient":""}},"ast-content-background-meta":{"desktop":{"background-color":"var(--ast-global-color-5)","background-image":"","background-repeat":"repeat","background-position":"center center","background-size":"auto","background-attachment":"scroll","background-type":"","background-media":"","overlay-type":"","overlay-color":"","overlay-opacity":"","overlay-gradient":""},"tablet":{"background-color":"var(--ast-global-color-5)","background-image":"","background-repeat":"repeat","background-position":"center center","background-size":"auto","background-attachment":"scroll","background-type":"","background-media":"","overlay-type":"","overlay-color":"","overlay-opacity":"","overlay-gradient":""},"mobile":{"background-color":"var(--ast-global-color-5)","background-image":"","background-repeat":"repeat","background-position":"center center","background-size":"auto","background-attachment":"scroll","background-type":"","background-media":"","overlay-type":"","overlay-color":"","overlay-opacity":"","overlay-gradient":""}},"footnotes":""},"categories":[40],"tags":[49,50],"class_list":["post-4849","post","type-post","status-publish","format-standard","has-post-thumbnail","hentry","category-press-media-es","tag-espanol-es","tag-spanish-es"],"acf":[],"yoast_head":"<!-- This site is optimized with the Yoast SEO plugin v24.4 - https:\/\/yoast.com\/wordpress\/plugins\/seo\/ -->\n<title>La finca de agricultura regenerativa \u201cLa Junquera\u201d recibe una menci\u00f3n especial en los \u201cPremios de Inspiraci\u00f3n Agraria y Rural\u201d 2024 - Regeneration Academy<\/title>\n<meta name=\"robots\" content=\"index, follow, max-snippet:-1, max-image-preview:large, max-video-preview:-1\" \/>\n<link rel=\"canonical\" href=\"https:\/\/www.regeneration-academy.org\/es\/la-finca-de-agricultura-regenerativa-la-junquera-recibe-una-mencion-especial-en-los-premios-de-inspiracion-agraria-y-rural-2024\/\" \/>\n<meta property=\"og:locale\" content=\"es_ES\" \/>\n<meta property=\"og:type\" content=\"article\" \/>\n<meta property=\"og:title\" content=\"La finca de agricultura regenerativa \u201cLa Junquera\u201d recibe una menci\u00f3n especial en los \u201cPremios de Inspiraci\u00f3n Agraria y Rural\u201d 2024 - Regeneration Academy\" \/>\n<meta property=\"og:description\" content=\"La Red Europea de la PAC otorga una menci\u00f3n especial a la finca La Junquera dentro de los \u201cPremios de [&hellip;]\" \/>\n<meta property=\"og:url\" content=\"https:\/\/www.regeneration-academy.org\/es\/la-finca-de-agricultura-regenerativa-la-junquera-recibe-una-mencion-especial-en-los-premios-de-inspiracion-agraria-y-rural-2024\/\" \/>\n<meta property=\"og:site_name\" content=\"Regeneration Academy\" \/>\n<meta property=\"article:published_time\" content=\"2025-01-20T14:42:36+00:00\" \/>\n<meta property=\"article:modified_time\" content=\"2025-01-20T14:42:38+00:00\" \/>\n<meta property=\"og:image\" content=\"https:\/\/www.regeneration-academy.org\/wp-content\/uploads\/2025\/01\/WhatsApp-Image-2025-01-17-at-15.58.44.jpeg\" \/>\n\t<meta property=\"og:image:width\" content=\"1500\" \/>\n\t<meta property=\"og:image:height\" content=\"2000\" \/>\n\t<meta property=\"og:image:type\" content=\"image\/jpeg\" \/>\n<meta name=\"author\" content=\"jero\" \/>\n<meta name=\"twitter:card\" content=\"summary_large_image\" \/>\n<meta name=\"twitter:label1\" content=\"Escrito por\" \/>\n\t<meta name=\"twitter:data1\" content=\"jero\" \/>\n\t<meta name=\"twitter:label2\" content=\"Tiempo de lectura\" \/>\n\t<meta name=\"twitter:data2\" content=\"2 minutos\" \/>\n<script type=\"application\/ld+json\" class=\"yoast-schema-graph\">{\"@context\":\"https:\/\/schema.org\",\"@graph\":[{\"@type\":\"Article\",\"@id\":\"https:\/\/www.regeneration-academy.org\/es\/la-finca-de-agricultura-regenerativa-la-junquera-recibe-una-mencion-especial-en-los-premios-de-inspiracion-agraria-y-rural-2024\/#article\",\"isPartOf\":{\"@id\":\"https:\/\/www.regeneration-academy.org\/es\/la-finca-de-agricultura-regenerativa-la-junquera-recibe-una-mencion-especial-en-los-premios-de-inspiracion-agraria-y-rural-2024\/\"},\"author\":{\"name\":\"jero\",\"@id\":\"https:\/\/www.regeneration-academy.org\/#\/schema\/person\/d539d6beccf2e5d7320ecba4854d8e65\"},\"headline\":\"La finca de agricultura regenerativa \u201cLa Junquera\u201d recibe una menci\u00f3n especial en los \u201cPremios de Inspiraci\u00f3n Agraria y Rural\u201d 2024\",\"datePublished\":\"2025-01-20T14:42:36+00:00\",\"dateModified\":\"2025-01-20T14:42:38+00:00\",\"mainEntityOfPage\":{\"@id\":\"https:\/\/www.regeneration-academy.org\/es\/la-finca-de-agricultura-regenerativa-la-junquera-recibe-una-mencion-especial-en-los-premios-de-inspiracion-agraria-y-rural-2024\/\"},\"wordCount\":333,\"commentCount\":0,\"publisher\":{\"@id\":\"https:\/\/www.regeneration-academy.org\/#organization\"},\"image\":{\"@id\":\"https:\/\/www.regeneration-academy.org\/es\/la-finca-de-agricultura-regenerativa-la-junquera-recibe-una-mencion-especial-en-los-premios-de-inspiracion-agraria-y-rural-2024\/#primaryimage\"},\"thumbnailUrl\":\"https:\/\/www.regeneration-academy.org\/wp-content\/uploads\/2025\/01\/WhatsApp-Image-2025-01-17-at-15.58.44.jpeg\",\"keywords\":[\"Espa\u00f1ol\",\"Spanish\"],\"articleSection\":[\"Press-Media\"],\"inLanguage\":\"es\",\"potentialAction\":[{\"@type\":\"CommentAction\",\"name\":\"Comment\",\"target\":[\"https:\/\/www.regeneration-academy.org\/es\/la-finca-de-agricultura-regenerativa-la-junquera-recibe-una-mencion-especial-en-los-premios-de-inspiracion-agraria-y-rural-2024\/#respond\"]}]},{\"@type\":\"WebPage\",\"@id\":\"https:\/\/www.regeneration-academy.org\/es\/la-finca-de-agricultura-regenerativa-la-junquera-recibe-una-mencion-especial-en-los-premios-de-inspiracion-agraria-y-rural-2024\/\",\"url\":\"https:\/\/www.regeneration-academy.org\/es\/la-finca-de-agricultura-regenerativa-la-junquera-recibe-una-mencion-especial-en-los-premios-de-inspiracion-agraria-y-rural-2024\/\",\"name\":\"La finca de agricultura regenerativa \u201cLa Junquera\u201d recibe una menci\u00f3n especial en los \u201cPremios de Inspiraci\u00f3n Agraria y Rural\u201d 2024 - Regeneration Academy\",\"isPartOf\":{\"@id\":\"https:\/\/www.regeneration-academy.org\/#website\"},\"primaryImageOfPage\":{\"@id\":\"https:\/\/www.regeneration-academy.org\/es\/la-finca-de-agricultura-regenerativa-la-junquera-recibe-una-mencion-especial-en-los-premios-de-inspiracion-agraria-y-rural-2024\/#primaryimage\"},\"image\":{\"@id\":\"https:\/\/www.regeneration-academy.org\/es\/la-finca-de-agricultura-regenerativa-la-junquera-recibe-una-mencion-especial-en-los-premios-de-inspiracion-agraria-y-rural-2024\/#primaryimage\"},\"thumbnailUrl\":\"https:\/\/www.regeneration-academy.org\/wp-content\/uploads\/2025\/01\/WhatsApp-Image-2025-01-17-at-15.58.44.jpeg\",\"datePublished\":\"2025-01-20T14:42:36+00:00\",\"dateModified\":\"2025-01-20T14:42:38+00:00\",\"breadcrumb\":{\"@id\":\"https:\/\/www.regeneration-academy.org\/es\/la-finca-de-agricultura-regenerativa-la-junquera-recibe-una-mencion-especial-en-los-premios-de-inspiracion-agraria-y-rural-2024\/#breadcrumb\"},\"inLanguage\":\"es\",\"potentialAction\":[{\"@type\":\"ReadAction\",\"target\":[\"https:\/\/www.regeneration-academy.org\/es\/la-finca-de-agricultura-regenerativa-la-junquera-recibe-una-mencion-especial-en-los-premios-de-inspiracion-agraria-y-rural-2024\/\"]}]},{\"@type\":\"ImageObject\",\"inLanguage\":\"es\",\"@id\":\"https:\/\/www.regeneration-academy.org\/es\/la-finca-de-agricultura-regenerativa-la-junquera-recibe-una-mencion-especial-en-los-premios-de-inspiracion-agraria-y-rural-2024\/#primaryimage\",\"url\":\"https:\/\/www.regeneration-academy.org\/wp-content\/uploads\/2025\/01\/WhatsApp-Image-2025-01-17-at-15.58.44.jpeg\",\"contentUrl\":\"https:\/\/www.regeneration-academy.org\/wp-content\/uploads\/2025\/01\/WhatsApp-Image-2025-01-17-at-15.58.44.jpeg\",\"width\":1500,\"height\":2000},{\"@type\":\"BreadcrumbList\",\"@id\":\"https:\/\/www.regeneration-academy.org\/es\/la-finca-de-agricultura-regenerativa-la-junquera-recibe-una-mencion-especial-en-los-premios-de-inspiracion-agraria-y-rural-2024\/#breadcrumb\",\"itemListElement\":[{\"@type\":\"ListItem\",\"position\":1,\"name\":\"Home\",\"item\":\"https:\/\/www.regeneration-academy.org\/\"},{\"@type\":\"ListItem\",\"position\":2,\"name\":\"La finca de agricultura regenerativa \u201cLa Junquera\u201d recibe una menci\u00f3n especial en los \u201cPremios de Inspiraci\u00f3n Agraria y Rural\u201d 2024\"}]},{\"@type\":\"WebSite\",\"@id\":\"https:\/\/www.regeneration-academy.org\/#website\",\"url\":\"https:\/\/www.regeneration-academy.org\/\",\"name\":\"Regeneration Academy\",\"description\":\"Educar para regenerar la tierra\",\"publisher\":{\"@id\":\"https:\/\/www.regeneration-academy.org\/#organization\"},\"potentialAction\":[{\"@type\":\"SearchAction\",\"target\":{\"@type\":\"EntryPoint\",\"urlTemplate\":\"https:\/\/www.regeneration-academy.org\/?s={search_term_string}\"},\"query-input\":{\"@type\":\"PropertyValueSpecification\",\"valueRequired\":true,\"valueName\":\"search_term_string\"}}],\"inLanguage\":\"es\"},{\"@type\":\"Organization\",\"@id\":\"https:\/\/www.regeneration-academy.org\/#organization\",\"name\":\"Regeneration Academy\",\"url\":\"https:\/\/www.regeneration-academy.org\/\",\"logo\":{\"@type\":\"ImageObject\",\"inLanguage\":\"es\",\"@id\":\"https:\/\/www.regeneration-academy.org\/#\/schema\/logo\/image\/\",\"url\":\"https:\/\/www.regeneration-academy.org\/wp-content\/uploads\/2021\/04\/Logo-color.svg\",\"contentUrl\":\"https:\/\/www.regeneration-academy.org\/wp-content\/uploads\/2021\/04\/Logo-color.svg\",\"width\":879,\"height\":283,\"caption\":\"Regeneration Academy\"},\"image\":{\"@id\":\"https:\/\/www.regeneration-academy.org\/#\/schema\/logo\/image\/\"}},{\"@type\":\"Person\",\"@id\":\"https:\/\/www.regeneration-academy.org\/#\/schema\/person\/d539d6beccf2e5d7320ecba4854d8e65\",\"name\":\"jero\",\"image\":{\"@type\":\"ImageObject\",\"inLanguage\":\"es\",\"@id\":\"https:\/\/www.regeneration-academy.org\/#\/schema\/person\/image\/\",\"url\":\"https:\/\/secure.gravatar.com\/avatar\/035edd4d01e81aea827b93c883120145c4a885c075ce8eb3cb83854ca6f108a7?s=96&d=mm&r=g\",\"contentUrl\":\"https:\/\/secure.gravatar.com\/avatar\/035edd4d01e81aea827b93c883120145c4a885c075ce8eb3cb83854ca6f108a7?s=96&d=mm&r=g\",\"caption\":\"jero\"},\"url\":\"https:\/\/www.regeneration-academy.org\/es\/author\/jero\/\"}]}<\/script>\n<!-- \/ Yoast SEO plugin. -->","yoast_head_json":{"title":"La finca de agricultura regenerativa \u201cLa Junquera\u201d recibe una menci\u00f3n especial en los \u201cPremios de Inspiraci\u00f3n Agraria y Rural\u201d 2024 - Regeneration Academy","robots":{"index":"index","follow":"follow","max-snippet":"max-snippet:-1","max-image-preview":"max-image-preview:large","max-video-preview":"max-video-preview:-1"},"canonical":"https:\/\/www.regeneration-academy.org\/es\/la-finca-de-agricultura-regenerativa-la-junquera-recibe-una-mencion-especial-en-los-premios-de-inspiracion-agraria-y-rural-2024\/","og_locale":"es_ES","og_type":"article","og_title":"La finca de agricultura regenerativa \u201cLa Junquera\u201d recibe una menci\u00f3n especial en los \u201cPremios de Inspiraci\u00f3n Agraria y Rural\u201d 2024 - Regeneration Academy","og_description":"La Red Europea de la PAC otorga una menci\u00f3n especial a la finca La Junquera dentro de los \u201cPremios de [&hellip;]","og_url":"https:\/\/www.regeneration-academy.org\/es\/la-finca-de-agricultura-regenerativa-la-junquera-recibe-una-mencion-especial-en-los-premios-de-inspiracion-agraria-y-rural-2024\/","og_site_name":"Regeneration Academy","article_published_time":"2025-01-20T14:42:36+00:00","article_modified_time":"2025-01-20T14:42:38+00:00","og_image":[{"width":1500,"height":2000,"url":"https:\/\/www.regeneration-academy.org\/wp-content\/uploads\/2025\/01\/WhatsApp-Image-2025-01-17-at-15.58.44.jpeg","type":"image\/jpeg"}],"author":"jero","twitter_card":"summary_large_image","twitter_misc":{"Escrito por":"jero","Tiempo de lectura":"2 minutos"},"schema":{"@context":"https:\/\/schema.org","@graph":[{"@type":"Article","@id":"https:\/\/www.regeneration-academy.org\/es\/la-finca-de-agricultura-regenerativa-la-junquera-recibe-una-mencion-especial-en-los-premios-de-inspiracion-agraria-y-rural-2024\/#article","isPartOf":{"@id":"https:\/\/www.regeneration-academy.org\/es\/la-finca-de-agricultura-regenerativa-la-junquera-recibe-una-mencion-especial-en-los-premios-de-inspiracion-agraria-y-rural-2024\/"},"author":{"name":"jero","@id":"https:\/\/www.regeneration-academy.org\/#\/schema\/person\/d539d6beccf2e5d7320ecba4854d8e65"},"headline":"La finca de agricultura regenerativa \u201cLa Junquera\u201d recibe una menci\u00f3n especial en los \u201cPremios de Inspiraci\u00f3n Agraria y Rural\u201d 2024","datePublished":"2025-01-20T14:42:36+00:00","dateModified":"2025-01-20T14:42:38+00:00","mainEntityOfPage":{"@id":"https:\/\/www.regeneration-academy.org\/es\/la-finca-de-agricultura-regenerativa-la-junquera-recibe-una-mencion-especial-en-los-premios-de-inspiracion-agraria-y-rural-2024\/"},"wordCount":333,"commentCount":0,"publisher":{"@id":"https:\/\/www.regeneration-academy.org\/#organization"},"image":{"@id":"https:\/\/www.regeneration-academy.org\/es\/la-finca-de-agricultura-regenerativa-la-junquera-recibe-una-mencion-especial-en-los-premios-de-inspiracion-agraria-y-rural-2024\/#primaryimage"},"thumbnailUrl":"https:\/\/www.regeneration-academy.org\/wp-content\/uploads\/2025\/01\/WhatsApp-Image-2025-01-17-at-15.58.44.jpeg","keywords":["Espa\u00f1ol","Spanish"],"articleSection":["Press-Media"],"inLanguage":"es","potentialAction":[{"@type":"CommentAction","name":"Comment","target":["https:\/\/www.regeneration-academy.org\/es\/la-finca-de-agricultura-regenerativa-la-junquera-recibe-una-mencion-especial-en-los-premios-de-inspiracion-agraria-y-rural-2024\/#respond"]}]},{"@type":"WebPage","@id":"https:\/\/www.regeneration-academy.org\/es\/la-finca-de-agricultura-regenerativa-la-junquera-recibe-una-mencion-especial-en-los-premios-de-inspiracion-agraria-y-rural-2024\/","url":"https:\/\/www.regeneration-academy.org\/es\/la-finca-de-agricultura-regenerativa-la-junquera-recibe-una-mencion-especial-en-los-premios-de-inspiracion-agraria-y-rural-2024\/","name":"La finca de agricultura regenerativa \u201cLa Junquera\u201d recibe una menci\u00f3n especial en los \u201cPremios de Inspiraci\u00f3n Agraria y Rural\u201d 2024 - Regeneration Academy","isPartOf":{"@id":"https:\/\/www.regeneration-academy.org\/#website"},"primaryImageOfPage":{"@id":"https:\/\/www.regeneration-academy.org\/es\/la-finca-de-agricultura-regenerativa-la-junquera-recibe-una-mencion-especial-en-los-premios-de-inspiracion-agraria-y-rural-2024\/#primaryimage"},"image":{"@id":"https:\/\/www.regeneration-academy.org\/es\/la-finca-de-agricultura-regenerativa-la-junquera-recibe-una-mencion-especial-en-los-premios-de-inspiracion-agraria-y-rural-2024\/#primaryimage"},"thumbnailUrl":"https:\/\/www.regeneration-academy.org\/wp-content\/uploads\/2025\/01\/WhatsApp-Image-2025-01-17-at-15.58.44.jpeg","datePublished":"2025-01-20T14:42:36+00:00","dateModified":"2025-01-20T14:42:38+00:00","breadcrumb":{"@id":"https:\/\/www.regeneration-academy.org\/es\/la-finca-de-agricultura-regenerativa-la-junquera-recibe-una-mencion-especial-en-los-premios-de-inspiracion-agraria-y-rural-2024\/#breadcrumb"},"inLanguage":"es","potentialAction":[{"@type":"ReadAction","target":["https:\/\/www.regeneration-academy.org\/es\/la-finca-de-agricultura-regenerativa-la-junquera-recibe-una-mencion-especial-en-los-premios-de-inspiracion-agraria-y-rural-2024\/"]}]},{"@type":"ImageObject","inLanguage":"es","@id":"https:\/\/www.regeneration-academy.org\/es\/la-finca-de-agricultura-regenerativa-la-junquera-recibe-una-mencion-especial-en-los-premios-de-inspiracion-agraria-y-rural-2024\/#primaryimage","url":"https:\/\/www.regeneration-academy.org\/wp-content\/uploads\/2025\/01\/WhatsApp-Image-2025-01-17-at-15.58.44.jpeg","contentUrl":"https:\/\/www.regeneration-academy.org\/wp-content\/uploads\/2025\/01\/WhatsApp-Image-2025-01-17-at-15.58.44.jpeg","width":1500,"height":2000},{"@type":"BreadcrumbList","@id":"https:\/\/www.regeneration-academy.org\/es\/la-finca-de-agricultura-regenerativa-la-junquera-recibe-una-mencion-especial-en-los-premios-de-inspiracion-agraria-y-rural-2024\/#breadcrumb","itemListElement":[{"@type":"ListItem","position":1,"name":"Home","item":"https:\/\/www.regeneration-academy.org\/"},{"@type":"ListItem","position":2,"name":"La finca de agricultura regenerativa \u201cLa Junquera\u201d recibe una menci\u00f3n especial en los \u201cPremios de Inspiraci\u00f3n Agraria y Rural\u201d 2024"}]},{"@type":"WebSite","@id":"https:\/\/www.regeneration-academy.org\/#website","url":"https:\/\/www.regeneration-academy.org\/","name":"Regeneration Academy","description":"Educar para regenerar la tierra","publisher":{"@id":"https:\/\/www.regeneration-academy.org\/#organization"},"potentialAction":[{"@type":"SearchAction","target":{"@type":"EntryPoint","urlTemplate":"https:\/\/www.regeneration-academy.org\/?s={search_term_string}"},"query-input":{"@type":"PropertyValueSpecification","valueRequired":true,"valueName":"search_term_string"}}],"inLanguage":"es"},{"@type":"Organization","@id":"https:\/\/www.regeneration-academy.org\/#organization","name":"Regeneration Academy","url":"https:\/\/www.regeneration-academy.org\/","logo":{"@type":"ImageObject","inLanguage":"es","@id":"https:\/\/www.regeneration-academy.org\/#\/schema\/logo\/image\/","url":"https:\/\/www.regeneration-academy.org\/wp-content\/uploads\/2021\/04\/Logo-color.svg","contentUrl":"https:\/\/www.regeneration-academy.org\/wp-content\/uploads\/2021\/04\/Logo-color.svg","width":879,"height":283,"caption":"Regeneration Academy"},"image":{"@id":"https:\/\/www.regeneration-academy.org\/#\/schema\/logo\/image\/"}},{"@type":"Person","@id":"https:\/\/www.regeneration-academy.org\/#\/schema\/person\/d539d6beccf2e5d7320ecba4854d8e65","name":"jero","image":{"@type":"ImageObject","inLanguage":"es","@id":"https:\/\/www.regeneration-academy.org\/#\/schema\/person\/image\/","url":"https:\/\/secure.gravatar.com\/avatar\/035edd4d01e81aea827b93c883120145c4a885c075ce8eb3cb83854ca6f108a7?s=96&d=mm&r=g","contentUrl":"https:\/\/secure.gravatar.com\/avatar\/035edd4d01e81aea827b93c883120145c4a885c075ce8eb3cb83854ca6f108a7?s=96&d=mm&r=g","caption":"jero"},"url":"https:\/\/www.regeneration-academy.org\/es\/author\/jero\/"}]}},"uagb_featured_image_src":{"full":["https:\/\/www.regeneration-academy.org\/wp-content\/uploads\/2025\/01\/WhatsApp-Image-2025-01-17-at-15.58.44.jpeg",1500,2000,false],"thumbnail":["https:\/\/www.regeneration-academy.org\/wp-content\/uploads\/2025\/01\/WhatsApp-Image-2025-01-17-at-15.58.44-150x150.jpeg",150,150,true],"medium":["https:\/\/www.regeneration-academy.org\/wp-content\/uploads\/2025\/01\/WhatsApp-Image-2025-01-17-at-15.58.44-225x300.jpeg",225,300,true],"medium_large":["https:\/\/www.regeneration-academy.org\/wp-content\/uploads\/2025\/01\/WhatsApp-Image-2025-01-17-at-15.58.44-768x1024.jpeg",768,1024,true],"large":["https:\/\/www.regeneration-academy.org\/wp-content\/uploads\/2025\/01\/WhatsApp-Image-2025-01-17-at-15.58.44-768x1024.jpeg",768,1024,true],"1536x1536":["https:\/\/www.regeneration-academy.org\/wp-content\/uploads\/2025\/01\/WhatsApp-Image-2025-01-17-at-15.58.44-1152x1536.jpeg",1152,1536,true],"2048x2048":["https:\/\/www.regeneration-academy.org\/wp-content\/uploads\/2025\/01\/WhatsApp-Image-2025-01-17-at-15.58.44.jpeg",1500,2000,false],"tp-image-grid":["https:\/\/www.regeneration-academy.org\/wp-content\/uploads\/2025\/01\/WhatsApp-Image-2025-01-17-at-15.58.44-700x700.jpeg",700,700,true]},"uagb_author_info":{"display_name":"jero","author_link":"https:\/\/www.regeneration-academy.org\/es\/author\/jero\/"},"uagb_comment_info":0,"uagb_excerpt":"La Red Europea de la PAC otorga una menci\u00f3n especial a la finca La Junquera dentro de los \u201cPremios de [&hellip;]","_links":{"self":[{"href":"https:\/\/www.regeneration-academy.org\/es\/wp-json\/wp\/v2\/posts\/4849","targetHints":{"allow":["GET"]}}],"collection":[{"href":"https:\/\/www.regeneration-academy.org\/es\/wp-json\/wp\/v2\/posts"}],"about":[{"href":"https:\/\/www.regeneration-academy.org\/es\/wp-json\/wp\/v2\/types\/post"}],"author":[{"embeddable":true,"href":"https:\/\/www.regeneration-academy.org\/es\/wp-json\/wp\/v2\/users\/4"}],"replies":[{"embeddable":true,"href":"https:\/\/www.regeneration-academy.org\/es\/wp-json\/wp\/v2\/comments?post=4849"}],"version-history":[{"count":1,"href":"https:\/\/www.regeneration-academy.org\/es\/wp-json\/wp\/v2\/posts\/4849\/revisions"}],"predecessor-version":[{"id":4850,"href":"https:\/\/www.regeneration-academy.org\/es\/wp-json\/wp\/v2\/posts\/4849\/revisions\/4850"}],"wp:featuredmedia":[{"embeddable":true,"href":"https:\/\/www.regeneration-academy.org\/es\/wp-json\/wp\/v2\/media\/4797"}],"wp:attachment":[{"href":"https:\/\/www.regeneration-academy.org\/es\/wp-json\/wp\/v2\/media?parent=4849"}],"wp:term":[{"taxonomy":"category","embeddable":true,"href":"https:\/\/www.regeneration-academy.org\/es\/wp-json\/wp\/v2\/categories?post=4849"},{"taxonomy":"post_tag","embeddable":true,"href":"https:\/\/www.regeneration-academy.org\/es\/wp-json\/wp\/v2\/tags?post=4849"}],"curies":[{"name":"wp","href":"https:\/\/api.w.org\/{rel}","templated":true}]}}